{"id":325,"date":"2025-12-10T19:36:53","date_gmt":"2025-12-10T18:36:53","guid":{"rendered":"https:\/\/serelys.eu\/?p=325"},"modified":"2025-12-10T19:36:56","modified_gmt":"2025-12-10T18:36:56","slug":"ked-sa-predvianocny-cas-stretne-s-hormonalnou-realitou-ako-si-dopriat-pokoj-pocas-najrusnejsich-dni-roka","status":"publish","type":"post","link":"https:\/\/serelys.eu\/cs\/ked-sa-predvianocny-cas-stretne-s-hormonalnou-realitou-ako-si-dopriat-pokoj-pocas-najrusnejsich-dni-roka\/","title":{"rendered":"Ke\u010f sa predviano\u010dn\u00fd \u010das stretne s hormon\u00e1lnou realitou: Ako si dopria\u0165 pokoj po\u010das najru\u0161nej\u0161\u00edch dn\u00ed roka"},"content":{"rendered":"<p>Predviano\u010dn\u00e9 obdobie m\u00e1 v sebe zvl\u00e1\u0161tnu dvojtv\u00e1rnos\u0165. Na jednej strane sa te\u0161\u00edme na svetielka, v\u00f4\u0148u pern\u00edkov a chv\u00edle s rodinou. Na strane druhej sa na n\u00e1s val\u00ed stres, povinnosti a niekedy aj em\u00f3cie, ktor\u00e9 si nevyberaj\u00fa, \u010di je december alebo oby\u010dajn\u00fd pondelok.<\/p>\n\n\n\n<p>Najm\u00e4 \u017eeny \u010dasto v tomto \u010dase c\u00edtia tlak e\u0161te intenz\u00edvnej\u0161ie \u2013 \u010di u\u017e kv\u00f4li pracovnej hektike, rodinn\u00fdm pr\u00edprav\u00e1m alebo hormon\u00e1lnym v\u00fdkyvom, ktor\u00e9 si na sviatky neber\u00fa dovolenku. N\u00e1ladovos\u0165, podr\u00e1\u017edenos\u0165, \u00fanava \u010di nepokoj s\u00fa norm\u00e1lne sign\u00e1ly tela, no v zime sa m\u00f4\u017eu prejavova\u0165 v\u00fdraznej\u0161ie. Krat\u0161ie dni, menej svetla a v\u00e4\u010d\u0161\u00ed stres s\u00fa kombin\u00e1ciou, ktor\u00e1 dok\u00e1\u017ee zam\u00e1va\u0165 aj s inak stabilnou psychikou.<\/p>\n\n\n\n<p>Pr\u00e1ve preto je d\u00f4le\u017eit\u00e9 o t\u00fdchto t\u00e9mach hovori\u0165 bez hanby a bez zbyto\u010dn\u00e9ho tabuizovania. Ka\u017ed\u00e1 \u017eena m\u00e1 svoje vlastn\u00e9 sp\u00f4soby, ako tieto obdobia zvl\u00e1da \u2013 niekto si dopraje viac sp\u00e1nku, in\u00e1 prid\u00e1 pohyb, \u010fal\u0161ia sa spolieha na podporn\u00e9 re\u017eimy, ktor\u00e9 jej z dlhodob\u00e9ho h\u013eadiska pom\u00e1haj\u00fa udr\u017ea\u0165 rovnov\u00e1hu. Pre niektor\u00e9 \u017eeny medzi tieto mo\u017enosti patr\u00ed aj Serelys, ktor\u00fd b\u00fdva vyu\u017e\u00edvan\u00fd ako podpora pri hormon\u00e1lnej nerovnov\u00e1he \u010di n\u00e1ro\u010dn\u00fdch emocion\u00e1lnych obdobiach. Nie ako z\u00e1zrak, nie ako reklama, ale ako jedna z mo\u017enost\u00ed, po ktorej \u017eeny niekedy siahaj\u00fa, ke\u010f h\u013eadaj\u00fa stabilitu uprostred hektick\u00e9ho tempa.<\/p>\n\n\n\n<p>Predviano\u010dn\u00fd \u010das v\u0161ak m\u00f4\u017ee by\u0165 pr\u00edle\u017eitos\u0165ou dopria\u0165 si chv\u00ed\u013eku ticha \u2013 na k\u00e1vu pod dekou, na kr\u00e1tku prech\u00e1dzku alebo len na to, aby sme na chv\u00ed\u013eu vypli o\u010dak\u00e1vania okolia. Sviatky netreba \u201epre\u017ei\u0165\u201c; mali by sme ich pre\u017ei\u0165 v pokoji, niekedy aj s vedom\u00edm, \u017ee nemus\u00ed by\u0165 v\u0161etko dokonal\u00e9.<\/p>\n\n\n\n<p>Nech u\u017e m\u00e1me za sebou ak\u00fdko\u013evek rok, ka\u017ed\u00fd z n\u00e1s si zasl\u00fa\u017ei december, v ktorom je miesto na oddych, spomalenie a l\u00e1skavos\u0165 \u2013 aj k sebe sam\u00e9mu. A ak si v tomto obdob\u00ed uvedomujeme, \u017ee potrebujeme podporu, je dobr\u00e9 vedie\u0165, \u017ee existuj\u00fa r\u00f4zne mo\u017enosti, n\u00e1vyky aj doplnky, po ktor\u00fdch mo\u017eno siahnu\u0165, aby sme sa c\u00edtili lep\u0161ie.<\/p>\n\n\n\n<p>Ke\u010f sa rozsvietia prv\u00e9 svetielka na strom\u010deku, mo\u017eno si uvedom\u00edme, \u017ee Vianoce nie s\u00fa o v\u00fdkone, ale o rovnov\u00e1he. A t\u00e1 je v tomto obdob\u00ed t\u00fdm najkraj\u0161\u00edm dar\u010dekom, ktor\u00fd si m\u00f4\u017eeme dopria\u0165.<\/p>","protected":false},"excerpt":{"rendered":"<p>Predviano\u010dn\u00e9 obdobie m\u00e1 v sebe zvl\u00e1\u0161tnu dvojtv\u00e1rnos\u0165. Na jednej strane sa te\u0161\u00edme na svetielka, v\u00f4\u0148u pern\u00edkov a chv\u00edle s rodinou. Na strane druhej sa na n\u00e1s val\u00ed stres, povinnosti a&#8230;<\/p>","protected":false},"author":1,"featured_media":326,"comment_status":"open","ping_status":"open","sticky":false,"template":"","format":"standard","meta":{"footnotes":""},"categories":[12],"tags":[],"class_list":{"0":"post-325","1":"post","2":"type-post","3":"status-publish","4":"format-standard","5":"has-post-thumbnail","7":"category-nezaradene-sk"},"yoast_head":"<!-- This site is optimized with the Yoast SEO plugin v27.5 - https:\/\/yoast.com\/product\/yoast-seo-wordpress\/ -->\n<title>Ke\u010f sa predviano\u010dn\u00fd \u010das stretne s hormon\u00e1lnou realitou: Ako si dopria\u0165 pokoj po\u010das najru\u0161nej\u0161\u00edch dn\u00ed roka - Serelys<\/title>\n<meta name=\"robots\" content=\"index, follow, max-snippet:-1, max-image-preview:large, max-video-preview:-1\" \/>\n<link rel=\"canonical\" href=\"https:\/\/serelys.eu\/cs\/ked-sa-predvianocny-cas-stretne-s-hormonalnou-realitou-ako-si-dopriat-pokoj-pocas-najrusnejsich-dni-roka\/\" \/>\n<meta property=\"og:locale\" content=\"cs_CZ\" \/>\n<meta property=\"og:type\" content=\"article\" \/>\n<meta property=\"og:title\" content=\"Ke\u010f sa predviano\u010dn\u00fd \u010das stretne s hormon\u00e1lnou realitou: Ako si dopria\u0165 pokoj po\u010das najru\u0161nej\u0161\u00edch dn\u00ed roka - Serelys\" \/>\n<meta property=\"og:description\" content=\"Predviano\u010dn\u00e9 obdobie m\u00e1 v sebe zvl\u00e1\u0161tnu dvojtv\u00e1rnos\u0165. Na jednej strane sa te\u0161\u00edme na svetielka, v\u00f4\u0148u pern\u00edkov a chv\u00edle s rodinou. Na strane druhej sa na n\u00e1s val\u00ed stres, povinnosti a...\" \/>\n<meta property=\"og:url\" content=\"https:\/\/serelys.eu\/cs\/ked-sa-predvianocny-cas-stretne-s-hormonalnou-realitou-ako-si-dopriat-pokoj-pocas-najrusnejsich-dni-roka\/\" \/>\n<meta property=\"og:site_name\" content=\"Serelys\" \/>\n<meta property=\"article:published_time\" content=\"2025-12-10T18:36:53+00:00\" \/>\n<meta property=\"article:modified_time\" content=\"2025-12-10T18:36:56+00:00\" \/>\n<meta property=\"og:image\" content=\"https:\/\/serelys.eu\/wp-content\/uploads\/2025\/12\/ChatGPT-Image-10.-12.-2025-19_35_44-1024x683.png\" \/>\n\t<meta property=\"og:image:width\" content=\"1024\" \/>\n\t<meta property=\"og:image:height\" content=\"683\" \/>\n\t<meta property=\"og:image:type\" content=\"image\/png\" \/>\n<meta name=\"author\" content=\"admin\" \/>\n<meta name=\"twitter:card\" content=\"summary_large_image\" \/>\n<meta name=\"twitter:label1\" content=\"Napsal(a)\" \/>\n\t<meta name=\"twitter:data1\" content=\"admin\" \/>\n\t<meta name=\"twitter:label2\" content=\"Odhadovan\u00e1 doba \u010dten\u00ed\" \/>\n\t<meta name=\"twitter:data2\" content=\"2 minuty\" \/>\n<script type=\"application\/ld+json\" class=\"yoast-schema-graph\">{\"@context\":\"https:\\\/\\\/schema.org\",\"@graph\":[{\"@type\":\"Article\",\"@id\":\"https:\\\/\\\/serelys.eu\\\/ked-sa-predvianocny-cas-stretne-s-hormonalnou-realitou-ako-si-dopriat-pokoj-pocas-najrusnejsich-dni-roka\\\/#article\",\"isPartOf\":{\"@id\":\"https:\\\/\\\/serelys.eu\\\/ked-sa-predvianocny-cas-stretne-s-hormonalnou-realitou-ako-si-dopriat-pokoj-pocas-najrusnejsich-dni-roka\\\/\"},\"author\":{\"name\":\"admin\",\"@id\":\"https:\\\/\\\/serelys.eu\\\/#\\\/schema\\\/person\\\/2c7be8317bb250879e93cd89504a4201\"},\"headline\":\"Ke\u010f sa predviano\u010dn\u00fd \u010das stretne s hormon\u00e1lnou realitou: Ako si dopria\u0165 pokoj po\u010das najru\u0161nej\u0161\u00edch dn\u00ed roka\",\"datePublished\":\"2025-12-10T18:36:53+00:00\",\"dateModified\":\"2025-12-10T18:36:56+00:00\",\"mainEntityOfPage\":{\"@id\":\"https:\\\/\\\/serelys.eu\\\/ked-sa-predvianocny-cas-stretne-s-hormonalnou-realitou-ako-si-dopriat-pokoj-pocas-najrusnejsich-dni-roka\\\/\"},\"wordCount\":448,\"commentCount\":0,\"publisher\":{\"@id\":\"https:\\\/\\\/serelys.eu\\\/#organization\"},\"image\":{\"@id\":\"https:\\\/\\\/serelys.eu\\\/ked-sa-predvianocny-cas-stretne-s-hormonalnou-realitou-ako-si-dopriat-pokoj-pocas-najrusnejsich-dni-roka\\\/#primaryimage\"},\"thumbnailUrl\":\"https:\\\/\\\/serelys.eu\\\/wp-content\\\/uploads\\\/2025\\\/12\\\/ChatGPT-Image-10.-12.-2025-19_35_44.png\",\"articleSection\":[\"Nezaraden\u00e9\"],\"inLanguage\":\"cs\",\"potentialAction\":[{\"@type\":\"CommentAction\",\"name\":\"Comment\",\"target\":[\"https:\\\/\\\/serelys.eu\\\/ked-sa-predvianocny-cas-stretne-s-hormonalnou-realitou-ako-si-dopriat-pokoj-pocas-najrusnejsich-dni-roka\\\/#respond\"]}]},{\"@type\":\"WebPage\",\"@id\":\"https:\\\/\\\/serelys.eu\\\/ked-sa-predvianocny-cas-stretne-s-hormonalnou-realitou-ako-si-dopriat-pokoj-pocas-najrusnejsich-dni-roka\\\/\",\"url\":\"https:\\\/\\\/serelys.eu\\\/ked-sa-predvianocny-cas-stretne-s-hormonalnou-realitou-ako-si-dopriat-pokoj-pocas-najrusnejsich-dni-roka\\\/\",\"name\":\"Ke\u010f sa predviano\u010dn\u00fd \u010das stretne s hormon\u00e1lnou realitou: Ako si dopria\u0165 pokoj po\u010das najru\u0161nej\u0161\u00edch dn\u00ed roka - Serelys\",\"isPartOf\":{\"@id\":\"https:\\\/\\\/serelys.eu\\\/#website\"},\"primaryImageOfPage\":{\"@id\":\"https:\\\/\\\/serelys.eu\\\/ked-sa-predvianocny-cas-stretne-s-hormonalnou-realitou-ako-si-dopriat-pokoj-pocas-najrusnejsich-dni-roka\\\/#primaryimage\"},\"image\":{\"@id\":\"https:\\\/\\\/serelys.eu\\\/ked-sa-predvianocny-cas-stretne-s-hormonalnou-realitou-ako-si-dopriat-pokoj-pocas-najrusnejsich-dni-roka\\\/#primaryimage\"},\"thumbnailUrl\":\"https:\\\/\\\/serelys.eu\\\/wp-content\\\/uploads\\\/2025\\\/12\\\/ChatGPT-Image-10.-12.-2025-19_35_44.png\",\"datePublished\":\"2025-12-10T18:36:53+00:00\",\"dateModified\":\"2025-12-10T18:36:56+00:00\",\"breadcrumb\":{\"@id\":\"https:\\\/\\\/serelys.eu\\\/ked-sa-predvianocny-cas-stretne-s-hormonalnou-realitou-ako-si-dopriat-pokoj-pocas-najrusnejsich-dni-roka\\\/#breadcrumb\"},\"inLanguage\":\"cs\",\"potentialAction\":[{\"@type\":\"ReadAction\",\"target\":[\"https:\\\/\\\/serelys.eu\\\/ked-sa-predvianocny-cas-stretne-s-hormonalnou-realitou-ako-si-dopriat-pokoj-pocas-najrusnejsich-dni-roka\\\/\"]}]},{\"@type\":\"ImageObject\",\"inLanguage\":\"cs\",\"@id\":\"https:\\\/\\\/serelys.eu\\\/ked-sa-predvianocny-cas-stretne-s-hormonalnou-realitou-ako-si-dopriat-pokoj-pocas-najrusnejsich-dni-roka\\\/#primaryimage\",\"url\":\"https:\\\/\\\/serelys.eu\\\/wp-content\\\/uploads\\\/2025\\\/12\\\/ChatGPT-Image-10.-12.-2025-19_35_44.png\",\"contentUrl\":\"https:\\\/\\\/serelys.eu\\\/wp-content\\\/uploads\\\/2025\\\/12\\\/ChatGPT-Image-10.-12.-2025-19_35_44.png\",\"width\":1536,\"height\":1024},{\"@type\":\"BreadcrumbList\",\"@id\":\"https:\\\/\\\/serelys.eu\\\/ked-sa-predvianocny-cas-stretne-s-hormonalnou-realitou-ako-si-dopriat-pokoj-pocas-najrusnejsich-dni-roka\\\/#breadcrumb\",\"itemListElement\":[{\"@type\":\"ListItem\",\"position\":1,\"name\":\"Domovsk\u00e1 str\u00e1nka\",\"item\":\"https:\\\/\\\/serelys.eu\\\/\"},{\"@type\":\"ListItem\",\"position\":2,\"name\":\"Ke\u010f sa predviano\u010dn\u00fd \u010das stretne s hormon\u00e1lnou realitou: Ako si dopria\u0165 pokoj po\u010das najru\u0161nej\u0161\u00edch dn\u00ed roka\"}]},{\"@type\":\"WebSite\",\"@id\":\"https:\\\/\\\/serelys.eu\\\/#website\",\"url\":\"https:\\\/\\\/serelys.eu\\\/\",\"name\":\"SANOMED SERELYS\",\"description\":\"SANOMED - SERELYS\",\"publisher\":{\"@id\":\"https:\\\/\\\/serelys.eu\\\/#organization\"},\"potentialAction\":[{\"@type\":\"SearchAction\",\"target\":{\"@type\":\"EntryPoint\",\"urlTemplate\":\"https:\\\/\\\/serelys.eu\\\/?s={search_term_string}\"},\"query-input\":{\"@type\":\"PropertyValueSpecification\",\"valueRequired\":true,\"valueName\":\"search_term_string\"}}],\"inLanguage\":\"cs\"},{\"@type\":\"Organization\",\"@id\":\"https:\\\/\\\/serelys.eu\\\/#organization\",\"name\":\"SANOMED SERELYS\",\"url\":\"https:\\\/\\\/serelys.eu\\\/\",\"logo\":{\"@type\":\"ImageObject\",\"inLanguage\":\"cs\",\"@id\":\"https:\\\/\\\/serelys.eu\\\/#\\\/schema\\\/logo\\\/image\\\/\",\"url\":\"http:\\\/\\\/serelys.eu\\\/wp-content\\\/uploads\\\/2025\\\/02\\\/Sanomed_LOGO_final_RGB_logo.png\",\"contentUrl\":\"http:\\\/\\\/serelys.eu\\\/wp-content\\\/uploads\\\/2025\\\/02\\\/Sanomed_LOGO_final_RGB_logo.png\",\"width\":2435,\"height\":664,\"caption\":\"SANOMED SERELYS\"},\"image\":{\"@id\":\"https:\\\/\\\/serelys.eu\\\/#\\\/schema\\\/logo\\\/image\\\/\"}},{\"@type\":\"Person\",\"@id\":\"https:\\\/\\\/serelys.eu\\\/#\\\/schema\\\/person\\\/2c7be8317bb250879e93cd89504a4201\",\"name\":\"admin\",\"image\":{\"@type\":\"ImageObject\",\"inLanguage\":\"cs\",\"@id\":\"https:\\\/\\\/secure.gravatar.com\\\/avatar\\\/33e54dec0cd79fc4b5e911c15f836c46ec8d0e452ecd3ca5f707bce0a3540a3b?s=96&d=mm&r=g\",\"url\":\"https:\\\/\\\/secure.gravatar.com\\\/avatar\\\/33e54dec0cd79fc4b5e911c15f836c46ec8d0e452ecd3ca5f707bce0a3540a3b?s=96&d=mm&r=g\",\"contentUrl\":\"https:\\\/\\\/secure.gravatar.com\\\/avatar\\\/33e54dec0cd79fc4b5e911c15f836c46ec8d0e452ecd3ca5f707bce0a3540a3b?s=96&d=mm&r=g\",\"caption\":\"admin\"},\"sameAs\":[\"http:\\\/\\\/serelys.eu\"],\"url\":\"https:\\\/\\\/serelys.eu\\\/cs\\\/author\\\/admin\\\/\"}]}<\/script>\n<!-- \/ Yoast SEO plugin. -->","yoast_head_json":{"title":"Ke\u010f sa predviano\u010dn\u00fd \u010das stretne s hormon\u00e1lnou realitou: Ako si dopria\u0165 pokoj po\u010das najru\u0161nej\u0161\u00edch dn\u00ed roka - Serelys","robots":{"index":"index","follow":"follow","max-snippet":"max-snippet:-1","max-image-preview":"max-image-preview:large","max-video-preview":"max-video-preview:-1"},"canonical":"https:\/\/serelys.eu\/cs\/ked-sa-predvianocny-cas-stretne-s-hormonalnou-realitou-ako-si-dopriat-pokoj-pocas-najrusnejsich-dni-roka\/","og_locale":"cs_CZ","og_type":"article","og_title":"Ke\u010f sa predviano\u010dn\u00fd \u010das stretne s hormon\u00e1lnou realitou: Ako si dopria\u0165 pokoj po\u010das najru\u0161nej\u0161\u00edch dn\u00ed roka - Serelys","og_description":"Predviano\u010dn\u00e9 obdobie m\u00e1 v sebe zvl\u00e1\u0161tnu dvojtv\u00e1rnos\u0165. Na jednej strane sa te\u0161\u00edme na svetielka, v\u00f4\u0148u pern\u00edkov a chv\u00edle s rodinou. Na strane druhej sa na n\u00e1s val\u00ed stres, povinnosti a...","og_url":"https:\/\/serelys.eu\/cs\/ked-sa-predvianocny-cas-stretne-s-hormonalnou-realitou-ako-si-dopriat-pokoj-pocas-najrusnejsich-dni-roka\/","og_site_name":"Serelys","article_published_time":"2025-12-10T18:36:53+00:00","article_modified_time":"2025-12-10T18:36:56+00:00","og_image":[{"width":1024,"height":683,"url":"https:\/\/serelys.eu\/wp-content\/uploads\/2025\/12\/ChatGPT-Image-10.-12.-2025-19_35_44-1024x683.png","type":"image\/png"}],"author":"admin","twitter_card":"summary_large_image","twitter_misc":{"Napsal(a)":"admin","Odhadovan\u00e1 doba \u010dten\u00ed":"2 minuty"},"schema":{"@context":"https:\/\/schema.org","@graph":[{"@type":"Article","@id":"https:\/\/serelys.eu\/ked-sa-predvianocny-cas-stretne-s-hormonalnou-realitou-ako-si-dopriat-pokoj-pocas-najrusnejsich-dni-roka\/#article","isPartOf":{"@id":"https:\/\/serelys.eu\/ked-sa-predvianocny-cas-stretne-s-hormonalnou-realitou-ako-si-dopriat-pokoj-pocas-najrusnejsich-dni-roka\/"},"author":{"name":"admin","@id":"https:\/\/serelys.eu\/#\/schema\/person\/2c7be8317bb250879e93cd89504a4201"},"headline":"Ke\u010f sa predviano\u010dn\u00fd \u010das stretne s hormon\u00e1lnou realitou: Ako si dopria\u0165 pokoj po\u010das najru\u0161nej\u0161\u00edch dn\u00ed roka","datePublished":"2025-12-10T18:36:53+00:00","dateModified":"2025-12-10T18:36:56+00:00","mainEntityOfPage":{"@id":"https:\/\/serelys.eu\/ked-sa-predvianocny-cas-stretne-s-hormonalnou-realitou-ako-si-dopriat-pokoj-pocas-najrusnejsich-dni-roka\/"},"wordCount":448,"commentCount":0,"publisher":{"@id":"https:\/\/serelys.eu\/#organization"},"image":{"@id":"https:\/\/serelys.eu\/ked-sa-predvianocny-cas-stretne-s-hormonalnou-realitou-ako-si-dopriat-pokoj-pocas-najrusnejsich-dni-roka\/#primaryimage"},"thumbnailUrl":"https:\/\/serelys.eu\/wp-content\/uploads\/2025\/12\/ChatGPT-Image-10.-12.-2025-19_35_44.png","articleSection":["Nezaraden\u00e9"],"inLanguage":"cs","potentialAction":[{"@type":"CommentAction","name":"Comment","target":["https:\/\/serelys.eu\/ked-sa-predvianocny-cas-stretne-s-hormonalnou-realitou-ako-si-dopriat-pokoj-pocas-najrusnejsich-dni-roka\/#respond"]}]},{"@type":"WebPage","@id":"https:\/\/serelys.eu\/ked-sa-predvianocny-cas-stretne-s-hormonalnou-realitou-ako-si-dopriat-pokoj-pocas-najrusnejsich-dni-roka\/","url":"https:\/\/serelys.eu\/ked-sa-predvianocny-cas-stretne-s-hormonalnou-realitou-ako-si-dopriat-pokoj-pocas-najrusnejsich-dni-roka\/","name":"Ke\u010f sa predviano\u010dn\u00fd \u010das stretne s hormon\u00e1lnou realitou: Ako si dopria\u0165 pokoj po\u010das najru\u0161nej\u0161\u00edch dn\u00ed roka - Serelys","isPartOf":{"@id":"https:\/\/serelys.eu\/#website"},"primaryImageOfPage":{"@id":"https:\/\/serelys.eu\/ked-sa-predvianocny-cas-stretne-s-hormonalnou-realitou-ako-si-dopriat-pokoj-pocas-najrusnejsich-dni-roka\/#primaryimage"},"image":{"@id":"https:\/\/serelys.eu\/ked-sa-predvianocny-cas-stretne-s-hormonalnou-realitou-ako-si-dopriat-pokoj-pocas-najrusnejsich-dni-roka\/#primaryimage"},"thumbnailUrl":"https:\/\/serelys.eu\/wp-content\/uploads\/2025\/12\/ChatGPT-Image-10.-12.-2025-19_35_44.png","datePublished":"2025-12-10T18:36:53+00:00","dateModified":"2025-12-10T18:36:56+00:00","breadcrumb":{"@id":"https:\/\/serelys.eu\/ked-sa-predvianocny-cas-stretne-s-hormonalnou-realitou-ako-si-dopriat-pokoj-pocas-najrusnejsich-dni-roka\/#breadcrumb"},"inLanguage":"cs","potentialAction":[{"@type":"ReadAction","target":["https:\/\/serelys.eu\/ked-sa-predvianocny-cas-stretne-s-hormonalnou-realitou-ako-si-dopriat-pokoj-pocas-najrusnejsich-dni-roka\/"]}]},{"@type":"ImageObject","inLanguage":"cs","@id":"https:\/\/serelys.eu\/ked-sa-predvianocny-cas-stretne-s-hormonalnou-realitou-ako-si-dopriat-pokoj-pocas-najrusnejsich-dni-roka\/#primaryimage","url":"https:\/\/serelys.eu\/wp-content\/uploads\/2025\/12\/ChatGPT-Image-10.-12.-2025-19_35_44.png","contentUrl":"https:\/\/serelys.eu\/wp-content\/uploads\/2025\/12\/ChatGPT-Image-10.-12.-2025-19_35_44.png","width":1536,"height":1024},{"@type":"BreadcrumbList","@id":"https:\/\/serelys.eu\/ked-sa-predvianocny-cas-stretne-s-hormonalnou-realitou-ako-si-dopriat-pokoj-pocas-najrusnejsich-dni-roka\/#breadcrumb","itemListElement":[{"@type":"ListItem","position":1,"name":"Domovsk\u00e1 str\u00e1nka","item":"https:\/\/serelys.eu\/"},{"@type":"ListItem","position":2,"name":"Ke\u010f sa predviano\u010dn\u00fd \u010das stretne s hormon\u00e1lnou realitou: Ako si dopria\u0165 pokoj po\u010das najru\u0161nej\u0161\u00edch dn\u00ed roka"}]},{"@type":"WebSite","@id":"https:\/\/serelys.eu\/#website","url":"https:\/\/serelys.eu\/","name":"SANOMED SERELYS","description":"SANOMED - SERELYS","publisher":{"@id":"https:\/\/serelys.eu\/#organization"},"potentialAction":[{"@type":"SearchAction","target":{"@type":"EntryPoint","urlTemplate":"https:\/\/serelys.eu\/?s={search_term_string}"},"query-input":{"@type":"PropertyValueSpecification","valueRequired":true,"valueName":"search_term_string"}}],"inLanguage":"cs"},{"@type":"Organization","@id":"https:\/\/serelys.eu\/#organization","name":"SANOMED SERELYS","url":"https:\/\/serelys.eu\/","logo":{"@type":"ImageObject","inLanguage":"cs","@id":"https:\/\/serelys.eu\/#\/schema\/logo\/image\/","url":"http:\/\/serelys.eu\/wp-content\/uploads\/2025\/02\/Sanomed_LOGO_final_RGB_logo.png","contentUrl":"http:\/\/serelys.eu\/wp-content\/uploads\/2025\/02\/Sanomed_LOGO_final_RGB_logo.png","width":2435,"height":664,"caption":"SANOMED SERELYS"},"image":{"@id":"https:\/\/serelys.eu\/#\/schema\/logo\/image\/"}},{"@type":"Person","@id":"https:\/\/serelys.eu\/#\/schema\/person\/2c7be8317bb250879e93cd89504a4201","name":"admin","image":{"@type":"ImageObject","inLanguage":"cs","@id":"https:\/\/secure.gravatar.com\/avatar\/33e54dec0cd79fc4b5e911c15f836c46ec8d0e452ecd3ca5f707bce0a3540a3b?s=96&d=mm&r=g","url":"https:\/\/secure.gravatar.com\/avatar\/33e54dec0cd79fc4b5e911c15f836c46ec8d0e452ecd3ca5f707bce0a3540a3b?s=96&d=mm&r=g","contentUrl":"https:\/\/secure.gravatar.com\/avatar\/33e54dec0cd79fc4b5e911c15f836c46ec8d0e452ecd3ca5f707bce0a3540a3b?s=96&d=mm&r=g","caption":"admin"},"sameAs":["http:\/\/serelys.eu"],"url":"https:\/\/serelys.eu\/cs\/author\/admin\/"}]}},"_links":{"self":[{"href":"https:\/\/serelys.eu\/cs\/wp-json\/wp\/v2\/posts\/325","targetHints":{"allow":["GET"]}}],"collection":[{"href":"https:\/\/serelys.eu\/cs\/wp-json\/wp\/v2\/posts"}],"about":[{"href":"https:\/\/serelys.eu\/cs\/wp-json\/wp\/v2\/types\/post"}],"author":[{"embeddable":true,"href":"https:\/\/serelys.eu\/cs\/wp-json\/wp\/v2\/users\/1"}],"replies":[{"embeddable":true,"href":"https:\/\/serelys.eu\/cs\/wp-json\/wp\/v2\/comments?post=325"}],"version-history":[{"count":1,"href":"https:\/\/serelys.eu\/cs\/wp-json\/wp\/v2\/posts\/325\/revisions"}],"predecessor-version":[{"id":327,"href":"https:\/\/serelys.eu\/cs\/wp-json\/wp\/v2\/posts\/325\/revisions\/327"}],"wp:featuredmedia":[{"embeddable":true,"href":"https:\/\/serelys.eu\/cs\/wp-json\/wp\/v2\/media\/326"}],"wp:attachment":[{"href":"https:\/\/serelys.eu\/cs\/wp-json\/wp\/v2\/media?parent=325"}],"wp:term":[{"taxonomy":"category","embeddable":true,"href":"https:\/\/serelys.eu\/cs\/wp-json\/wp\/v2\/categories?post=325"},{"taxonomy":"post_tag","embeddable":true,"href":"https:\/\/serelys.eu\/cs\/wp-json\/wp\/v2\/tags?post=325"}],"curies":[{"name":"wp","href":"https:\/\/api.w.org\/{rel}","templated":true}]}}